{"id":5025,"date":"2015-01-17T13:50:14","date_gmt":"2015-01-17T12:50:14","guid":{"rendered":"http:\/\/formweh.de\/?p=5025"},"modified":"2016-07-24T10:08:43","modified_gmt":"2016-07-24T09:08:43","slug":"neu-kompositum-der-woche","status":"publish","type":"post","link":"https:\/\/formweh.de\/?p=5025","title":{"rendered":"Neu: KodeWo!"},"content":{"rendered":"<div id=\"attachment_5026\" style=\"width: 160px\" class=\"wp-caption alignleft\"><a href=\"https:\/\/formweh.de\/wp-content\/uploads\/2016\/01\/melitta_roestmeister.jpg\" rel=\"attachment wp-att-5026\"><img loading=\"lazy\" decoding=\"async\" aria-describedby=\"caption-attachment-5026\" class=\"size-thumbnail wp-image-5026\" src=\"https:\/\/formweh.de\/wp-content\/uploads\/2016\/01\/melitta_roestmeister-150x150.jpg\" alt=\"Vernebelungsmaschine im Werbeeinsatz f\u00fcr Melitta\" width=\"150\" height=\"150\" \/><\/a><p id=\"caption-attachment-5026\" class=\"wp-caption-text\">Im Einsatz f\u00fcr das Kaffeekapital: Original-Vernebelungsmaschine (mit Wohlf\u00fchlaroma)<\/p><\/div>\n<p style=\"text-align: left;\">Warum bin ich da nicht schon l\u00e4ngst drauf gekommen? Also, <strong><em>Wohlf\u00fchlakzente<\/em><\/strong> ist f\u00fcr mich das Kompositum der Woche, kurz KodeWo. Begr\u00fcndung f\u00fcr den ersten Sieger: Es erinnert mich an die dusselige und aufdringliche Werbung meiner Jugend (<em>Wohlf\u00fchlaroma<\/em>), ist also f\u00fcr meinen kritischen Geist mitverantwortlich. Tut mir leid: <em>Abschiebef\u00e4higkeit<\/em>,<em> Sportfreunde<\/em>, <em>Heimatsprache <\/em>und <em>Kamelleparty<\/em> (alle Bonner <em>GA<\/em> von heute), h\u00e4tten auch das Zeug. Und zwischen <em>Welcomecaf\u00e9<\/em> und\u00a0<em>N\u00e4hcaf\u00e9<\/em> kann ich mich schon gar nicht entscheiden.<!--more--><\/p>\n<p style=\"text-align: left;\">Gefunden habe ich <strong><em>Wohlf\u00fchlakzente<\/em><\/strong> in der aktuellen Werbebrosch\u00fcre von Aldi (&#8222;Meine Woche&#8220; ab 18.1.). Auch <em>Stromsparer<\/em> und <em>Designerlook<\/em> (beide im selbigen zigmillionenfach verteilten Heft) sind nicht zu untersch\u00e4tzen. Sie zeigen mir, dass die kapitalistischen Monster weiter aufr\u00fcsten, nun auch \u00e4sthetisch und poetisch. Unser Kampf gegen die <em>Totalvernebelung<\/em> (Achtung <a href=\"https:\/\/www.freitag.de\/autoren\/ulrike-baureithel\/ton-steine-tomaten\">Kompositum!<\/a>) wird also nicht leichter .. Wenn man bedenkt, dass der deutsche Begriff <em>Wellness<\/em> (Achtung Kompositaexport!) Teil des Versuches ist, die ganze Welt zu vernebeln. Weltvernebelung mittels Wohlf\u00fchlkomposita. Das nur zur Relevanz dieses Blogs und des Kompositums der Woche ..<\/p>\n<p style=\"text-align: left;\">Und dann sind mir auf der vergeblichen Suche nach der oben erw\u00e4hnten historischen Kaffeewerbung noch <a href=\"http:\/\/images.google.de\/imgres?imgurl=http%3A%2F%2Fstatic3.nachrichten.at%2Fstorage%2Fscl%2Fimport%2Falfa%2Fratgeber%2Freisen%2F1393035_m3w561h315q80v25674_xio-fcmsimage-20151217171004-006040-5672de5cd03f1-.5e922ec5-9fb5-4497-9861-a23ef379bfa9.jpg%253Fversion%253D1450445616&amp;imgrefurl=http%3A%2F%2Fwww.nachrichten.at%2Freisen%2FNichts-fuer-Wohlfuehl-Touristen%3Bart119%2C2062425&amp;h=315&amp;w=561&amp;tbnid=JtrOIlQWYk_foM%3A&amp;docid=qZc0gpe6LnYl2M&amp;ei=-YqbVtbFKomTU6_XmrAB&amp;tbm=isch&amp;iact=rc&amp;uact=3&amp;dur=1047&amp;page=3&amp;start=95&amp;ndsp=54&amp;ved=0ahUKEwiWpuKq7rDKAhWJyRQKHa-rBhY4ZBCtAwguMA4\">Wohlf\u00fchl-Touristen<\/a> auf der Spur der Kaffeebohnen \u00fcber den Weg gelaufen ..<\/p>\n","protected":false},"excerpt":{"rendered":"<p>Warum bin ich da nicht schon l\u00e4ngst drauf gekommen? Also, Wohlf\u00fchlakzente ist f\u00fcr mich das Kompositum der Woche, kurz KodeWo. Begr\u00fcndung f\u00fcr den ersten Sieger: Es erinnert mich an die dusselige und aufdringliche Werbung meiner Jugend (Wohlf\u00fchlaroma), ist also f\u00fcr &hellip; <a href=\"https:\/\/formweh.de\/?p=5025\">Weiterlesen <span class=\"meta-nav\">&rarr;<\/span><\/a><\/p>\n","protected":false},"author":1,"featured_media":0,"comment_status":"open","ping_status":"open","sticky":false,"template":"","format":"standard","meta":{"footnotes":""},"categories":[83,90,91,57,88],"tags":[],"class_list":["post-5025","post","type-post","status-publish","format-standard","hentry","category-formerfinder","category-kunst","category-moderne","category-wortwahl","category-wortwerkstatt"],"_links":{"self":[{"href":"https:\/\/formweh.de\/index.php?rest_route=\/wp\/v2\/posts\/5025","targetHints":{"allow":["GET"]}}],"collection":[{"href":"https:\/\/formweh.de\/index.php?rest_route=\/wp\/v2\/posts"}],"about":[{"href":"https:\/\/formweh.de\/index.php?rest_route=\/wp\/v2\/types\/post"}],"author":[{"embeddable":true,"href":"https:\/\/formweh.de\/index.php?rest_route=\/wp\/v2\/users\/1"}],"replies":[{"embeddable":true,"href":"https:\/\/formweh.de\/index.php?rest_route=%2Fwp%2Fv2%2Fcomments&post=5025"}],"version-history":[{"count":13,"href":"https:\/\/formweh.de\/index.php?rest_route=\/wp\/v2\/posts\/5025\/revisions"}],"predecessor-version":[{"id":5140,"href":"https:\/\/formweh.de\/index.php?rest_route=\/wp\/v2\/posts\/5025\/revisions\/5140"}],"wp:attachment":[{"href":"https:\/\/formweh.de\/index.php?rest_route=%2Fwp%2Fv2%2Fmedia&parent=5025"}],"wp:term":[{"taxonomy":"category","embeddable":true,"href":"https:\/\/formweh.de\/index.php?rest_route=%2Fwp%2Fv2%2Fcategories&post=5025"},{"taxonomy":"post_tag","embeddable":true,"href":"https:\/\/formweh.de\/index.php?rest_route=%2Fwp%2Fv2%2Ftags&post=5025"}],"curies":[{"name":"wp","href":"https:\/\/api.w.org\/{rel}","templated":true}]}}