{"id":4313,"date":"2014-05-19T21:15:45","date_gmt":"2014-05-19T20:15:45","guid":{"rendered":"http:\/\/formweh.de\/?p=4313"},"modified":"2014-10-03T12:32:37","modified_gmt":"2014-10-03T11:32:37","slug":"der-modernist-adolf-meyer","status":"publish","type":"post","link":"https:\/\/formweh.de\/?p=4313","title":{"rendered":"Der Modernist Adolf Meyer"},"content":{"rendered":"<p style=\"text-align: left;\"><a href=\"https:\/\/formweh.de\/wp-content\/uploads\/2014\/05\/140518-mechernich-938-web-1.jpg\"><img loading=\"lazy\" decoding=\"async\" class=\"aligncenter size-medium wp-image-4314\" alt=\"140518-mechernich-938-web-1\" src=\"https:\/\/formweh.de\/wp-content\/uploads\/2014\/05\/140518-mechernich-938-web-1-300x168.jpg\" width=\"300\" height=\"168\" srcset=\"https:\/\/formweh.de\/wp-content\/uploads\/2014\/05\/140518-mechernich-938-web-1-300x168.jpg 300w, https:\/\/formweh.de\/wp-content\/uploads\/2014\/05\/140518-mechernich-938-web-1-1024x575.jpg 1024w, https:\/\/formweh.de\/wp-content\/uploads\/2014\/05\/140518-mechernich-938-web-1.jpg 2000w\" sizes=\"auto, (max-width: 300px) 100vw, 300px\" \/><\/a>Ich war neulich in Mechernich, einem Flecken in der Voreifel. Das war fr\u00fcher einmal ein Bergbaust\u00e4dtchen. Dort wuchs Adolf Meyer auf, ein Architekt der Moderne, dessen Bedeutung es noch zu entdecken gilt (weil er <a href=\"http:\/\/www.berndpolster.de\/neu\/\">von Walter Gropius \u00fcber denTisch gezogen wurde<\/a>). Das w\u00fcrde mir Spa\u00df machen ..<!--more--><\/p>\n<p style=\"text-align: left;\"><a href=\"https:\/\/formweh.de\/wp-content\/uploads\/2014\/05\/adolfmeyer-1927-web.jpg\"><img loading=\"lazy\" decoding=\"async\" class=\"aligncenter size-medium wp-image-4324\" alt=\"adolfmeyer-1927-web\" src=\"https:\/\/formweh.de\/wp-content\/uploads\/2014\/05\/adolfmeyer-1927-web-300x240.jpg\" width=\"300\" height=\"240\" srcset=\"https:\/\/formweh.de\/wp-content\/uploads\/2014\/05\/adolfmeyer-1927-web-300x240.jpg 300w, https:\/\/formweh.de\/wp-content\/uploads\/2014\/05\/adolfmeyer-1927-web-1024x820.jpg 1024w, https:\/\/formweh.de\/wp-content\/uploads\/2014\/05\/adolfmeyer-1927-web.jpg 1500w\" sizes=\"auto, (max-width: 300px) 100vw, 300px\" \/><\/a>Und so sah er er in den sp\u00e4ten Zwanzigerjahren aus, der gute Mann Adolf Meyer. Da war er 45 und Baurat in Frankfurt, im &#8222;Neuen Frankfurt&#8220;. Meyer wurde 1881 in Mechernich geboren, lernte dort M\u00f6beltischlerei, ging mehrere Jahre auf &#8222;Wanderschaft&#8220; durchs Rheinland und studierte sp\u00e4ter auf der D\u00fcsseldorfer Kunstgewerbeschule bei Peter Behrens. Der holte ihn 1907 nach Berlin, weil er so ein guter Mann war. Bei Behrens traf er Gropius, dessen Partner er zwischen 1910 und 1925 war\u00a0 ..<\/p>\n<p style=\"text-align: left;\"><a href=\"https:\/\/formweh.de\/wp-content\/uploads\/2014\/05\/wg-170513-fagus-glaseckeau\u00dfen-085-web.jpg\"><img loading=\"lazy\" decoding=\"async\" class=\"aligncenter size-medium wp-image-4325\" alt=\"wg-170513-fagus-glaseckeau\u00dfen-085-web\" src=\"https:\/\/formweh.de\/wp-content\/uploads\/2014\/05\/wg-170513-fagus-glaseckeau\u00dfen-085-web-300x199.jpg\" width=\"300\" height=\"199\" srcset=\"https:\/\/formweh.de\/wp-content\/uploads\/2014\/05\/wg-170513-fagus-glaseckeau\u00dfen-085-web-300x199.jpg 300w, https:\/\/formweh.de\/wp-content\/uploads\/2014\/05\/wg-170513-fagus-glaseckeau\u00dfen-085-web-1024x679.jpg 1024w, https:\/\/formweh.de\/wp-content\/uploads\/2014\/05\/wg-170513-fagus-glaseckeau\u00dfen-085-web.jpg 1500w\" sizes=\"auto, (max-width: 300px) 100vw, 300px\" \/><\/a>Dies ist die legend\u00e4re Fagus-Fabrik in Alfeld, denen Gropius und Meyer eine Glasfassade verpasst haben. Was 1911 noch keinen so richtig interessiert hat. Wof\u00fcr es aber 100 Jahre sp\u00e4ter den Weltkulturerbe-Stempel gab &#8211; komischerweise aber wieder nur f\u00fcr Gropius.<\/p>\n<p style=\"text-align: left;\"><a href=\"https:\/\/formweh.de\/wp-content\/uploads\/2014\/05\/k\u00f6l-musterfabrik-1914-web.jpg\"><img loading=\"lazy\" decoding=\"async\" class=\"aligncenter size-medium wp-image-4326\" alt=\"k\u00f6l-musterfabrik-1914-web\" src=\"https:\/\/formweh.de\/wp-content\/uploads\/2014\/05\/k\u00f6l-musterfabrik-1914-web-300x153.jpg\" width=\"300\" height=\"153\" srcset=\"https:\/\/formweh.de\/wp-content\/uploads\/2014\/05\/k\u00f6l-musterfabrik-1914-web-300x153.jpg 300w, https:\/\/formweh.de\/wp-content\/uploads\/2014\/05\/k\u00f6l-musterfabrik-1914-web-1024x524.jpg 1024w, https:\/\/formweh.de\/wp-content\/uploads\/2014\/05\/k\u00f6l-musterfabrik-1914-web.jpg 1500w\" sizes=\"auto, (max-width: 300px) 100vw, 300px\" \/><\/a>Das war das erste komplette moderne Geb\u00e4ude, das Gropius und Meyer 1914 gemeinsam hingekriegt haben, ein Pavillon auf der Werkbund-Ausstellung in K\u00f6ln, die sogenannte &#8222;Musterfabrik&#8220; ..<\/p>\n<p style=\"text-align: left;\"><a href=\"https:\/\/formweh.de\/wp-content\/uploads\/2014\/05\/adolfmeyer-frankfurt-gutleutstra\u00dfe-elektrizit\u00e4tswerk-web.jpg\"><img loading=\"lazy\" decoding=\"async\" class=\"aligncenter size-medium wp-image-4334\" alt=\"adolfmeyer-frankfurt-gutleutstra\u00dfe-elektrizit\u00e4tswerk-web\" src=\"https:\/\/formweh.de\/wp-content\/uploads\/2014\/05\/adolfmeyer-frankfurt-gutleutstra\u00dfe-elektrizit\u00e4tswerk-web-300x162.jpg\" width=\"300\" height=\"162\" srcset=\"https:\/\/formweh.de\/wp-content\/uploads\/2014\/05\/adolfmeyer-frankfurt-gutleutstra\u00dfe-elektrizit\u00e4tswerk-web-300x162.jpg 300w, https:\/\/formweh.de\/wp-content\/uploads\/2014\/05\/adolfmeyer-frankfurt-gutleutstra\u00dfe-elektrizit\u00e4tswerk-web-1024x554.jpg 1024w, https:\/\/formweh.de\/wp-content\/uploads\/2014\/05\/adolfmeyer-frankfurt-gutleutstra\u00dfe-elektrizit\u00e4tswerk-web.jpg 1500w\" sizes=\"auto, (max-width: 300px) 100vw, 300px\" \/><\/a>Als Baurat im rot regierten Frankfurt hat er st\u00e4dtische Einrichtungen entworfen wie dieses Elektrizit\u00e4tswerk. Adolf Meyer starb 1929 bei einem Unfall\u00a0 .. \u00a0 \u00a0\u00a0\u00a0\u00a0 bp<\/p>\n","protected":false},"excerpt":{"rendered":"<p>Ich war neulich in Mechernich, einem Flecken in der Voreifel. Das war fr\u00fcher einmal ein Bergbaust\u00e4dtchen. Dort wuchs Adolf Meyer auf, ein Architekt der Moderne, dessen Bedeutung es noch zu entdecken gilt (weil er von Walter Gropius \u00fcber denTisch gezogen &hellip; <a href=\"https:\/\/formweh.de\/?p=4313\">Weiterlesen <span class=\"meta-nav\">&rarr;<\/span><\/a><\/p>\n","protected":false},"author":1,"featured_media":0,"comment_status":"open","ping_status":"open","sticky":false,"template":"","format":"standard","meta":{"footnotes":""},"categories":[83,89,67,86],"tags":[],"class_list":["post-4313","post","type-post","status-publish","format-standard","hentry","category-formerfinder","category-leben","category-stilkommode-2","category-szenesitten"],"_links":{"self":[{"href":"https:\/\/formweh.de\/index.php?rest_route=\/wp\/v2\/posts\/4313","targetHints":{"allow":["GET"]}}],"collection":[{"href":"https:\/\/formweh.de\/index.php?rest_route=\/wp\/v2\/posts"}],"about":[{"href":"https:\/\/formweh.de\/index.php?rest_route=\/wp\/v2\/types\/post"}],"author":[{"embeddable":true,"href":"https:\/\/formweh.de\/index.php?rest_route=\/wp\/v2\/users\/1"}],"replies":[{"embeddable":true,"href":"https:\/\/formweh.de\/index.php?rest_route=%2Fwp%2Fv2%2Fcomments&post=4313"}],"version-history":[{"count":18,"href":"https:\/\/formweh.de\/index.php?rest_route=\/wp\/v2\/posts\/4313\/revisions"}],"predecessor-version":[{"id":4320,"href":"https:\/\/formweh.de\/index.php?rest_route=\/wp\/v2\/posts\/4313\/revisions\/4320"}],"wp:attachment":[{"href":"https:\/\/formweh.de\/index.php?rest_route=%2Fwp%2Fv2%2Fmedia&parent=4313"}],"wp:term":[{"taxonomy":"category","embeddable":true,"href":"https:\/\/formweh.de\/index.php?rest_route=%2Fwp%2Fv2%2Fcategories&post=4313"},{"taxonomy":"post_tag","embeddable":true,"href":"https:\/\/formweh.de\/index.php?rest_route=%2Fwp%2Fv2%2Ftags&post=4313"}],"curies":[{"name":"wp","href":"https:\/\/api.w.org\/{rel}","templated":true}]}}